{"id":68,"date":"2025-03-21T09:58:21","date_gmt":"2025-03-21T12:58:21","guid":{"rendered":"https:\/\/pet.artereciclada.com.br\/?p=68"},"modified":"2025-03-27T13:53:19","modified_gmt":"2025-03-27T16:53:19","slug":"cuidados-com-caes-no-verao","status":"publish","type":"post","link":"https:\/\/pet.artereciclada.com.br\/fr\/cuidados\/cuidados-com-caes-no-verao\/","title":{"rendered":"Seu Pet no Calor Intenso: Cuidados com C\u00e3es no Ver\u00e3o."},"content":{"rendered":"<p>O <strong>ver\u00e3o<\/strong> traz dias mais longos, passeios ao ar livre e muita energia, mas tamb\u00e9m exige aten\u00e7\u00e3o redobrada com a sa\u00fade dos nossos c\u00e3es. <\/p>\n\n\n\n<p>O <strong>calor<\/strong> excessivo pode afetar seriamente o bem-estar dos pets, especialmente os mais velhos, filhotes ou de ra\u00e7as com focinho achatado.<\/p>\n\n\n\n<div class=\"wp-block-rank-math-toc-block\" id=\"rank-math-toc\"><h2>Tabela de Conte\u00fados<\/h2><nav><ul><li class=\"\"><a href=\"#por-que-o-calor-e-perigoso-para-os-caes\">Por que o calor \u00e9 perigoso para os c\u00e3es?<\/a><\/li><li class=\"\"><a href=\"#dicas-essenciais-para-proteger-seu-cachorro-do-calor\">Dicas essenciais para proteger seu cachorro do calor<\/a><ul><li class=\"\"><a href=\"#mantenha-a-agua-sempre-fresca-e-acessivel\">Mantenha a \u00e1gua sempre fresca e acess\u00edvel<\/a><\/li><li class=\"\"><a href=\"#evite-passeios-nos-horarios-mais-quentes\">Evite passeios nos hor\u00e1rios mais quentes<\/a><\/li><li class=\"\"><a href=\"#proteja-as-patas-do-asfalto-quente\">Proteja as patas do asfalto quente<\/a><\/li><li class=\"\"><a href=\"#crie-espacos-frescos-em-casa\">Crie espa\u00e7os frescos em casa<\/a><\/li><li class=\"\"><a href=\"#ofereca-alimentos-leves-e-refrescantes\">Ofere\u00e7a alimentos leves e refrescantes<\/a><\/li><\/ul><\/li><li class=\"\"><a href=\"#sinais-de-que-o-cachorro-esta-sofrendo-com-o-calor\">Sinais de que o cachorro est\u00e1 sofrendo com o calor<\/a><\/li><li class=\"\"><a href=\"#racas-que-merecem-atencao-especial-no-calor\">Ra\u00e7as que merecem aten\u00e7\u00e3o especial no calor<\/a><\/li><li class=\"\"><a href=\"#banho-pode-ajudar-mas-com-moderacao\">Banho pode ajudar, mas com modera\u00e7\u00e3o<\/a><\/li><li class=\"\"><a href=\"#evite-deixar-o-cao-sozinho-no-carro\">Evite deixar o c\u00e3o sozinho no carro<\/a><\/li><li class=\"\"><a href=\"#cuidados-extras-para-um-verao-tranquilo\">Cuidados extras para um ver\u00e3o tranquilo<\/a><\/li><li class=\"\"><a href=\"#seu-carinho-e-a-melhor-protecao\">Seu carinho \u00e9 a melhor prote\u00e7\u00e3o<\/a><\/li><\/ul><\/nav><\/div>\n\n\n\n<h2 class=\"wp-block-heading\" id=\"por-que-o-calor-e-perigoso-para-os-caes\"><strong>Por que o calor \u00e9 perigoso para os c\u00e3es?<\/strong><\/h2>\n\n\n\n<p>Diferente de n\u00f3s, os c\u00e3es n\u00e3o suam pela pele. Eles regulam a temperatura corporal principalmente pela respira\u00e7\u00e3o ofegante e pelas patas. Quando a temperatura ambiente est\u00e1 muito alta, eles t\u00eam mais dificuldade para se refrescar, o que pode levar a problemas graves como:<\/p>\n\n\n\n<ul class=\"wp-block-list\">\n<li>Desidrata\u00e7\u00e3o<\/li>\n\n\n\n<li>Insola\u00e7\u00e3o<\/li>\n\n\n\n<li>Queimaduras nas patas<\/li>\n\n\n\n<li>Mal-estar e apatia<\/li>\n<\/ul>\n\n\n\n<h2 class=\"wp-block-heading\" id=\"dicas-essenciais-para-proteger-seu-cachorro-do-calor\"><strong>Dicas essenciais para proteger seu cachorro do calor<\/strong><\/h2>\n\n\n\n<h3 class=\"wp-block-heading\" id=\"mantenha-a-agua-sempre-fresca-e-acessivel\"><strong>Mantenha a \u00e1gua sempre fresca e acess\u00edvel<\/strong><\/h3>\n\n\n\n<p>A hidrata\u00e7\u00e3o \u00e9 fundamental. Ofere\u00e7a \u00e1gua limpa e fresca o tempo todo. Em dias muito quentes, coloque cubos de gelo no potinho ou opte por fontes com circula\u00e7\u00e3o de \u00e1gua.<\/p>\n\n\n\n<h3 class=\"wp-block-heading\" id=\"evite-passeios-nos-horarios-mais-quentes\"><strong>Evite passeios nos hor\u00e1rios mais quentes<\/strong><\/h3>\n\n\n\n<p><strong>Nunca leve seu c\u00e3o para passear entre 10h e 16h<\/strong>, quando o sol est\u00e1 mais forte. Al\u00e9m do risco de insol\u00e7\u00e3o, o asfalto quente pode causar queimaduras nas patas.<\/p>\n\n\n\n<h3 class=\"wp-block-heading\" id=\"proteja-as-patas-do-asfalto-quente\"><strong>Proteja as patas do asfalto quente<\/strong><\/h3>\n\n\n\n<p>Antes de sair, toque o ch\u00e3o com as m\u00e3os por 5 segundos. Se estiver quente demais para voc\u00ea, tamb\u00e9m est\u00e1 para o pet. Use sapatinhos protetores ou opte por gramados e superf\u00edcies frias.<\/p>\n\n\n\n<h3 class=\"wp-block-heading\" id=\"crie-espacos-frescos-em-casa\"><strong>Crie espa\u00e7os frescos em casa<\/strong><\/h3>\n\n\n\n<p>Ventiladores, piso de cer\u00e2mica e sombras s\u00e3o aliados. Se voc\u00ea n\u00e3o tem ar-condicionado, mantenha o ambiente arejado e ofere\u00e7a tapetes gelados ou panos \u00famidos.<\/p>\n\n\n\n<h3 class=\"wp-block-heading\" id=\"ofereca-alimentos-leves-e-refrescantes\"><strong>Ofere\u00e7a alimentos leves e refrescantes<\/strong><\/h3>\n\n\n\n<p>Converse com o veterin\u00e1rio sobre petiscos naturais como frutas (em pequenas quantidades), como melancia ou ma\u00e7\u00e3 sem sementes. Evite ra\u00e7\u00f5es muito secas nos dias mais quentes.<\/p>\n\n\n\n<h2 class=\"wp-block-heading\" id=\"sinais-de-que-o-cachorro-esta-sofrendo-com-o-calor\"><strong>Sinais de que o cachorro est\u00e1 sofrendo com o calor<\/strong><\/h2>\n\n\n\n<p>Fique atenta aos sintomas de superaquecimento:<\/p>\n\n\n\n<ul class=\"wp-block-list\">\n<li>Respira\u00e7\u00e3o muito acelerada<\/li>\n\n\n\n<li>Baba em excesso<\/li>\n\n\n\n<li>V\u00f4mitos ou diarreia<\/li>\n\n\n\n<li>Letargia<\/li>\n\n\n\n<li>Gengivas avermelhadas ou roxas<\/li>\n<\/ul>\n\n\n\n<p><strong>Ao notar qualquer um desses sinais, leve o c\u00e3o imediatamente para um lugar fresco, ofere\u00e7a \u00e1gua e procure o veterin\u00e1rio.<\/strong><\/p>\n\n\n\n<h2 class=\"wp-block-heading\" id=\"racas-que-merecem-atencao-especial-no-calor\"><strong>Ra\u00e7as que merecem aten\u00e7\u00e3o especial no calor<\/strong><\/h2>\n\n\n\n<p>Algumas ra\u00e7as sofrem mais com o <strong>calor<\/strong>, como:<\/p>\n\n\n\n<ul class=\"wp-block-list\">\n<li>Pug<\/li>\n\n\n\n<li>Bulldog Franc\u00eas e Ingl\u00eas<\/li>\n\n\n\n<li>Shih Tzu<\/li>\n\n\n\n<li>Boxer<\/li>\n\n\n\n<li>Chow Chow<\/li>\n<\/ul>\n\n\n\n<p>Essas ra\u00e7as braquicef\u00e1licas t\u00eam maior dificuldade de respirar e regular a temperatura. Cuidado redobrado nos dias quentes!<\/p>\n\n\n\n<h2 class=\"wp-block-heading\" id=\"banho-pode-ajudar-mas-com-moderacao\"><strong>Banho pode ajudar, mas com modera\u00e7\u00e3o<\/strong><\/h2>\n\n\n\n<p>O <strong>banho<\/strong> ajuda a refrescar, mas n\u00e3o deve ser feito todos os dias. Prefira \u00e1gua morna ou fresca e nunca gelada. Utilize produtos espec\u00edficos e seque bem o pet, principalmente se estiver em ambiente com ar-condicionado.<\/p>\n\n\n\n<h2 class=\"wp-block-heading\" id=\"evite-deixar-o-cao-sozinho-no-carro\"><strong>Evite deixar o c\u00e3o sozinho no carro<\/strong><\/h2>\n\n\n\n<p>Mesmo com as janelas abertas, a temperatura interna de um carro pode subir rapidamente e colocar a vida do pet em risco. <strong>Jamais deixe seu cachorro no carro parado sob o sol.<\/strong><\/p>\n\n\n\n<h2 class=\"wp-block-heading\" id=\"cuidados-extras-para-um-verao-tranquilo\"><strong>Cuidados extras para um ver\u00e3o tranquilo<\/strong><\/h2>\n\n\n\n<ul class=\"wp-block-list\">\n<li>Mantenha a vermifuga\u00e7\u00e3o e o controle de pulgas e carrapatos em dia<\/li>\n\n\n\n<li>Escove o pelo regularmente para remover o excesso de subpelagem<\/li>\n\n\n\n<li>Ofere\u00e7a brinquedos congel\u00e1veis ou reche\u00e1veis com petiscos<\/li>\n<\/ul>\n\n\n\n<h2 class=\"wp-block-heading\" id=\"seu-carinho-e-a-melhor-protecao\"><strong>Seu carinho \u00e9 a melhor prote\u00e7\u00e3o<\/strong><\/h2>\n\n\n\n<p>Com pequenas atitudes di\u00e1rias, \u00e9 poss\u00edvel proteger o seu companheiro de quatro patas do <strong>calor<\/strong> intenso. O importante \u00e9 observar o comportamento do pet, respeitar seus limites e garantir conforto em todas as esta\u00e7\u00f5es.<\/p>\n\n\n\n<p><strong>O ver\u00e3o pode ser leve e feliz para voc\u00ea e seu c\u00e3o, com os cuidados certos e muito amor envolvido.<\/strong><\/p>\n\n\n\n<hr class=\"wp-block-separator has-alpha-channel-opacity\"\/>\n\n\n\n<p><strong>Blog:<\/strong> Pet e Arte<br><strong>Site:<\/strong> <a href=\"https:\/\/pet.artereciclada.com.br\/fr\/\">https:\/\/pet.artereciclada.com.br\/<\/a><br><strong>E-mail:<\/strong> <a>contato@artereciclada.com.br<\/a><\/p>\n\n\n\n<p><strong>Fontes que inspiraram este artigo:<\/strong><\/p>\n\n\n\n<ul class=\"wp-block-list\">\n<li>American Veterinary Medical Association<\/li>\n\n\n\n<li>Sociedade Brasileira de Cl\u00ednica Veterin\u00e1ria<\/li>\n\n\n\n<li>Artigos da PetMD e VCA Animal Hospitals<\/li>\n<\/ul>\n\n\n\n<hr class=\"wp-block-separator has-alpha-channel-opacity\"\/>","protected":false},"excerpt":{"rendered":"<p>O ver\u00e3o traz dias mais longos, passeios ao ar livre e muita energia, mas tamb\u00e9m exige aten\u00e7\u00e3o redobrada com a sa\u00fade dos nossos c\u00e3es. O calor excessivo pode afetar seriamente o bem-estar dos pets, especialmente os mais velhos, filhotes ou de ra\u00e7as com focinho achatado. Por que o calor \u00e9 perigoso para os c\u00e3es? Diferente [&hellip;]<\/p>\n","protected":false},"author":3,"featured_media":69,"comment_status":"open","ping_status":"open","sticky":false,"template":"","format":"standard","meta":{"footnotes":""},"categories":[5],"tags":[],"class_list":["post-68","post","type-post","status-publish","format-standard","has-post-thumbnail","hentry","category-cuidados"],"blocksy_meta":[],"_links":{"self":[{"href":"https:\/\/pet.artereciclada.com.br\/fr\/wp-json\/wp\/v2\/posts\/68","targetHints":{"allow":["GET"]}}],"collection":[{"href":"https:\/\/pet.artereciclada.com.br\/fr\/wp-json\/wp\/v2\/posts"}],"about":[{"href":"https:\/\/pet.artereciclada.com.br\/fr\/wp-json\/wp\/v2\/types\/post"}],"author":[{"embeddable":true,"href":"https:\/\/pet.artereciclada.com.br\/fr\/wp-json\/wp\/v2\/users\/3"}],"replies":[{"embeddable":true,"href":"https:\/\/pet.artereciclada.com.br\/fr\/wp-json\/wp\/v2\/comments?post=68"}],"version-history":[{"count":3,"href":"https:\/\/pet.artereciclada.com.br\/fr\/wp-json\/wp\/v2\/posts\/68\/revisions"}],"predecessor-version":[{"id":231,"href":"https:\/\/pet.artereciclada.com.br\/fr\/wp-json\/wp\/v2\/posts\/68\/revisions\/231"}],"wp:featuredmedia":[{"embeddable":true,"href":"https:\/\/pet.artereciclada.com.br\/fr\/wp-json\/wp\/v2\/media\/69"}],"wp:attachment":[{"href":"https:\/\/pet.artereciclada.com.br\/fr\/wp-json\/wp\/v2\/media?parent=68"}],"wp:term":[{"taxonomy":"category","embeddable":true,"href":"https:\/\/pet.artereciclada.com.br\/fr\/wp-json\/wp\/v2\/categories?post=68"},{"taxonomy":"post_tag","embeddable":true,"href":"https:\/\/pet.artereciclada.com.br\/fr\/wp-json\/wp\/v2\/tags?post=68"}],"curies":[{"name":"wp","href":"https:\/\/api.w.org\/{rel}","templated":true}]}}